{"id":849,"date":"2025-03-21T10:20:32","date_gmt":"2025-03-21T10:20:32","guid":{"rendered":"https:\/\/www.humanaitalia.org\/blog\/?p=849"},"modified":"2025-03-21T12:00:14","modified_gmt":"2025-03-21T12:00:14","slug":"ogni-albero-un-nuovo-respiro-per-noi-e-il-pianeta","status":"publish","type":"post","link":"https:\/\/www.humanaitalia.org\/blog\/ogni-albero-un-nuovo-respiro-per-noi-e-il-pianeta\/","title":{"rendered":"Ogni albero, un nuovo respiro per noi e il pianeta"},"content":{"rendered":"\n<p><em>Le foreste, polmone verde del nostro pianeta, sono in serio pericolo: in attesa dell\u2019implementazione del Regolamento europeo \u201cDeforestazione zero\u201d (EUDR), tutti noi possiamo fare qualcosa attraverso le nostre scelte quotidiane e azioni collettive.<\/em><\/p>\n\n\n\n<p>di Redazione<\/p>\n\n\n\n<p>Il 21 marzo si celebra la&nbsp;<strong>Giornata internazionale delle foreste<\/strong>&nbsp;istituita nel 2012 dalle Nazioni Unite per accrescere la consapevolezza dell\u2019importanza di tutti gli alberi che compongono il polmone verde del pianeta Terra.<\/p>\n\n\n\n<p><strong>Gli alberi sono preziosi alleati nel contrastare il cambiamento climatico<\/strong> e per tutelare la biodiversit\u00e0, e sono in grado di fornire molteplici benefici all\u2019uomo e all\u2019ambiente.<\/p>\n\n\n\n<p>Basti pensare che i <strong>bacini idrografici forestali forniscono acqua dolce a oltre l&#8217;85% delle principali citt\u00e0 del mondo<\/strong> e la gestione sostenibile delle foreste ha il potenziale per migliorare la qualit\u00e0 dell&#8217;acqua per oltre 1,7 miliardi di persone che risiedono in grandi aree urbane, contribuendo alla loro sicurezza alimentare e idrica.&nbsp; In alcuni Paesi e regioni, <strong>le foreste e gli alberi forniscono circa il 20% del reddito delle famiglie rurali<\/strong>, consentendo l&#8217;accesso a cibo nutriente e a diete diversificate, in particolare per le famiglie pi\u00f9 povere<a href=\"#_ftn1\" id=\"_ftnref1\">[1]<\/a>.<\/p>\n\n\n\n<p>Dati recenti indicano una significativa riduzione della deforestazione in alcuni Paesi. Ma il cambiamento climatico sta <strong>rendendo le foreste pi\u00f9 vulnerabili a fattori di stress come incendi e parassiti<\/strong>. Le proiezioni inoltre indicano un forte aumento della domanda di legname entro il 2050<a href=\"#_ftn2\" id=\"_ftnref2\">[2]<\/a>.<\/p>\n\n\n\n<p>Servono politiche che adottino misure concrete per salvaguardare quella che a tutti gli effetti \u00e8 una risorsa fondamentale per la sopravvivenza stessa delle specie, compresa la nostra. L\u2019Europa ha individuato una soluzione per contrastare questo problema e assumere un ruolo di leader globale: il <strong>regolamento \u201cDeforestazione Zero\u201d (EUDR),<\/strong> approvato a giugno 2023, mira a creare catene del valore senza deforestazione attraverso la collaborazione tra aziende, istituzioni e societ\u00e0 civile. Tuttavia, la sua applicazione \u00e8 stata posticipata di dodici mesi, al 30 dicembre 2025<a href=\"#_ftn3\" id=\"_ftnref3\">[3]<\/a>.<\/p>\n\n\n\n<p>Anche la messa a dimora di un solo albero significa quindi pensare al futuro e alle generazioni che verranno. Ognuno di noi nel nostro piccolo pu\u00f2 contribuire: da questo principio nasce il progetto di <strong>Humana People to People Italia<\/strong> <strong><em>Vestiamo il futuro di verde<\/em><\/strong> che prevede la messa a dimora di 85.000 alberi entro il 2030. L\u2019iniziativa rientra nelle attivit\u00e0 messe in campo dalla Federazione Humana People to People a livello internazionale. In Italia la prima fase \u00e8 stata avviata nel 2023 in collaborazione con <strong>WWF Italia<\/strong>, coinvolger\u00e0 complessivamente circa 30 Oasi e ha gi\u00e0 permesso di piantare 5700 alberi. <strong>La maggior parte degli eventi \u00e8 aperta alla cittadinanza<\/strong>: questi momenti rappresentano infatti importanti occasioni per sensibilizzare sull\u2019importanza della biodiversit\u00e0 e della tutela delle aree naturali.<\/p>\n\n\n\n<p>Diverse sono infatti <strong>le azioni positive messe in campo dagli alberi<\/strong>: assorbono anidride carbonica dall\u2019atmosfera, fungono da habitat per molteplici specie animali, regolano il ciclo dell\u2019acqua e la trattengono nel suolo, forniscono prodotti commestibili e contrastano il dissesto idrogeologico con le loro radici.<\/p>\n\n\n\n<p>Le <strong>nuove piantumazioni<\/strong> riprendono proprio in questi giorni, sono eventi aperti a tutti e gratuiti ed \u00e8 possibile partecipare iscrivendosi sulla pagina dedicata al singolo evento: trovi tutte le date <a href=\"https:\/\/www.humanaitalia.org\/case_history\/vestiamo-il-futuro-di-verde\">qui.<\/a><\/p>\n\n\n\n<hr class=\"wp-block-separator has-alpha-channel-opacity\"\/>\n\n\n\n<p><a href=\"#_ftnref1\" id=\"_ftn1\">[1]<\/a> <a href=\"https:\/\/www.fao.org\/international-day-of-forests\/key-messages\/en\/\">https:\/\/www.fao.org\/international-day-of-forests\/key-messages\/en\/<\/a><\/p>\n\n\n\n<p><a href=\"#_ftnref2\" id=\"_ftn2\">[2]<\/a> <a href=\"https:\/\/openknowledge.fao.org\/server\/api\/core\/bitstreams\/768ba59e-c692-47c3-9a13-3c3c10993396\/content\/src\/html\/executive-summary.html#gsc.tab=0\">https:\/\/openknowledge.fao.org\/server\/api\/core\/bitstreams\/768ba59e-c692-47c3-9a13-3c3c10993396\/content\/src\/html\/executive-summary.html#gsc.tab=0<\/a><\/p>\n\n\n\n<p><a href=\"#_ftnref3\" id=\"_ftn3\">[3]<\/a> <a href=\"https:\/\/www.wwf.it\/pandanews\/ambiente\/21-marzo-giornata-internazionale-foreste-2\/\">https:\/\/www.wwf.it\/pandanews\/ambiente\/21-marzo-giornata-internazionale-foreste-2\/<\/a><\/p>\n\n\n\n<p><a href=\"#_ftnref4\" id=\"_ftn4\">[4]<\/a> <a href=\"https:\/\/www.un.org\/esa\/forests\/news\/2025\/03\/international-day-of-forests\/index.html\">https:\/\/www.un.org\/esa\/forests\/news\/2025\/03\/international-day-of-forests\/index.html<\/a><\/p>\n","protected":false},"excerpt":{"rendered":"<p>Le foreste, polmone verde del nostro pianeta, sono in serio pericolo: in attesa dell\u2019implementazione del Regolamento europeo \u201cDeforestazione zero\u201d (EUDR), tutti noi possiamo fare qualcosa attraverso le nostre scelte quotidiane e azioni collettive. di Redazione Il 21 marzo si celebra la&nbsp;Giornata internazionale delle foreste&nbsp;istituita nel&#8230;<\/p>\n","protected":false},"author":2,"featured_media":850,"comment_status":"closed","ping_status":"closed","sticky":true,"template":"","format":"standard","meta":{"footnotes":""},"categories":[119],"tags":[264,262,261,263],"class_list":["post-849","post","type-post","status-publish","format-standard","has-post-thumbnail","hentry","category-cambiamento-climatico","tag-fao","tag-giornata-mondiale","tag-piantumazione","tag-wwf"],"_links":{"self":[{"href":"https:\/\/www.humanaitalia.org\/blog\/wp-json\/wp\/v2\/posts\/849","targetHints":{"allow":["GET"]}}],"collection":[{"href":"https:\/\/www.humanaitalia.org\/blog\/wp-json\/wp\/v2\/posts"}],"about":[{"href":"https:\/\/www.humanaitalia.org\/blog\/wp-json\/wp\/v2\/types\/post"}],"author":[{"embeddable":true,"href":"https:\/\/www.humanaitalia.org\/blog\/wp-json\/wp\/v2\/users\/2"}],"replies":[{"embeddable":true,"href":"https:\/\/www.humanaitalia.org\/blog\/wp-json\/wp\/v2\/comments?post=849"}],"version-history":[{"count":6,"href":"https:\/\/www.humanaitalia.org\/blog\/wp-json\/wp\/v2\/posts\/849\/revisions"}],"predecessor-version":[{"id":858,"href":"https:\/\/www.humanaitalia.org\/blog\/wp-json\/wp\/v2\/posts\/849\/revisions\/858"}],"wp:featuredmedia":[{"embeddable":true,"href":"https:\/\/www.humanaitalia.org\/blog\/wp-json\/wp\/v2\/media\/850"}],"wp:attachment":[{"href":"https:\/\/www.humanaitalia.org\/blog\/wp-json\/wp\/v2\/media?parent=849"}],"wp:term":[{"taxonomy":"category","embeddable":true,"href":"https:\/\/www.humanaitalia.org\/blog\/wp-json\/wp\/v2\/categories?post=849"},{"taxonomy":"post_tag","embeddable":true,"href":"https:\/\/www.humanaitalia.org\/blog\/wp-json\/wp\/v2\/tags?post=849"}],"curies":[{"name":"wp","href":"https:\/\/api.w.org\/{rel}","templated":true}]}}