{"id":691,"date":"2022-06-09T14:53:24","date_gmt":"2022-06-09T14:53:24","guid":{"rendered":"http:\/\/www.humanaitalia.org\/blog\/?p=691"},"modified":"2025-11-17T13:32:12","modified_gmt":"2025-11-17T13:32:12","slug":"come-comunicare-la-sostenibilita","status":"publish","type":"post","link":"https:\/\/www.humanaitalia.org\/blog\/come-comunicare-la-sostenibilita\/","title":{"rendered":"Come comunicare la sostenibilit\u00e0"},"content":{"rendered":"\n<p><em>Quella della sostenibilit\u00e0 sembra essere una sfida su tutti i livelli, anche quello comunicativo. Ne abbiamo discusso con Andrea Grieco, Head of Impact di AWorld ed esperto di Sviluppo Sostenibile.<\/em><\/p>\n\n\n\n<p>di Redazione<\/p>\n\n\n\n<p>La<strong> sostenibilit\u00e0<\/strong> \u00e8 un tema ormai sulla bocca di tutti e di cui si sente parlare costantemente: ci\u00f2 \u00e8 sicuramente un fatto positivo ma, parallelamente, il rischio \u00e8 che un <strong>argomento cos\u00ec importante venga banalizzato o \u201ccannibalizzato\u201d <\/strong>da una comunicazione fine a stessa.<\/p>\n\n\n\n<p>Per capire quali sono i fattori imprescindibili per parlare di cambiamento climatico e sostenibilit\u00e0 in maniera efficace e far s\u00ec che il messaggio si trasformi in un dialogo con le persone abbiamo coinvolto <strong>Andrea Grieco<\/strong>, che ha fatto dell\u2019argomento la sua personale battaglia. Il suo curriculum inizia con una collaborazione con un\u2019agenzia dell\u2019ONU e continua con quelle per altre realt\u00e0 di primo rilievo, come ad esempio <strong>Amnesty International <\/strong>e la <strong>Marina Militare Italiana<\/strong>, per le quali ha portato avanti l\u2019attivit\u00e0 di divulgazione e comunicazione dell\u2019<strong>Agenda 2030 per lo Sviluppo Sostenibile<\/strong>. Oggi sta affiancando <a href=\"https:\/\/aworld.org\/\">AWorld<\/a>, start up scelta dalle Nazioni Unite per guidare l\u2019azione climatica nel mondo, nello sviluppo della strategia di comunicazione ed engagement.<\/p>\n\n\n\n<p><strong>Ci racconti brevemente il percorso che hai compiuto per arrivare oggi a essere un riferimento per chi vuole costruire e comunicare realt\u00e0 che si impegnano attivamente per rispettare l\u2019ambiente e le persone?<br><\/strong>&#8220;Sono Lucano, una terra molto povera ma con una forte connessione al vivente non umano, paesaggi aridi e sconfinati, natura selvaggia e la semplicit\u00e0 nelle piccole cose oltre alla lezione della lotta contadina e della protezione del territorio. Da qui nasce tutto, anche se l\u2019evento scatenante fu una ricerca su Martin Luther King e Mahatma Gandhi. Dalla scoperta di queste due figure \u00e8 nata la passione per le tematiche umanitarie, che mi hanno portato a decidere di iscrivermi a giurisprudenza, mosso da un desiderio: imparare il diritto umanitario e portarlo nella vita di tutti e tutte. Dopodich\u00e9 sono nate le prime richieste sul mio percorso, su dove fossi e cosa stessi facendo, cos\u00ec nasce la mia necessit\u00e0 di condividere e di aiutare tutte quelle realt\u00e0 che vogliono comunicare la loro sostenibilit\u00e0.&#8221;<\/p>\n\n\n\n<p><strong>AWorld \u00e8 una startup che ha lo scopo di coinvolgere le persone in primis, organizzazioni e aziende affinch\u00e9 vengano attivati dei comportamenti virtuosi nei confronti delle risorse ambientali del nostro pianeta. Il concetto alla base, come anche per Humana, \u00e8 quello di partire dal basso, dal singolo, per innescare una \u201creazione a catena\u201d dal grande impatto. Ma quali sono i fattori vincenti che davvero possono attirare l\u2019attenzione delle persone, in un momento come questo in cui tutti parlano di cambiamento climatico e di sostenibilit\u00e0?<br><\/strong>&#8220;Oggi viviamo nella bulimia dell\u2019informazione e dell\u2019azione legata al cambiamento climatico e questo il pi\u00f9 delle volte crea un distacco delle persone rispetto a queste tematiche. Con AWorld cerchiamo di mantenere l\u2019attenzione delle persone sempre viva, utilizzando una metodologia di impact engagement, formare e ingaggiare le persone su tematiche legate all\u2019agenda 2030 e alla sostenibilit\u00e0 e permettere loro di farlo, giocando, quindi nel modo pi\u00f9 ingaggiante possibile.&#8221;<\/p>\n\n\n\n<p><strong>La Banca Mondiale stima che entro il 2050 216 milioni di persone saranno costrette a migrare da zone rese inabitabili dalla desertificazione, dall\u2019innalzamento del livello del mare e da altri fenomeni climatici. Non si tratta solo di uno scenario futuro ma di una realt\u00e0 che purtroppo sta gi\u00e0 interessando diverse popolazioni colpite da eventi climatici devastanti. Come \u00e8 possibile sensibilizzare le persone su questa situazione che sembra cos\u00ec lontana dalla nostra quotidianit\u00e0 ma che ci riguarda e ci riguarder\u00e0 sempre di pi\u00f9?<br><\/strong>&#8220;Quella dei climate refugeees \u00e8 una tematica poco conosciuta e che credo debba essere approfondita. \u00c8 un fenomeno molto difficile da inquadrare, sia dal punto di vista giuridico sia causale. Le migrazioni climatiche sono dovute a motivi ambientali o legati al cambiamento climatico. I migranti climatici,<br>tuttavia, non sono tutelati dal diritto internazionale, in quanto la Convenzione di Ginevra del 1951 afferma che hanno diritto all\u2019asilo le persone che migrano per motivi legati a violazioni dei diritti umani o per situazioni di guerra. Ad oggi, una persona che scappa per motivi climatici non ha alcuna protezione e<br>accoglienza in altri Paesi. Deve essere prioritario affrontare questo tema, ampliare la conoscenza di tale fenomeno, che ci riguarda molto pi\u00f9 da vicino di quanto pensiamo.&#8221;<\/p>\n\n\n<div class=\"wp-block-image\">\n<figure class=\"alignright size-medium\"><img loading=\"lazy\" decoding=\"async\" width=\"246\" height=\"300\" src=\"http:\/\/www.humanaitalia.org\/blog\/wp-content\/uploads\/2022\/06\/blog_A-GRIECO-1-246x300.jpg\" alt=\"\" class=\"wp-image-694\" srcset=\"https:\/\/www.humanaitalia.org\/blog\/wp-content\/uploads\/2022\/06\/blog_A-GRIECO-1-246x300.jpg 246w, https:\/\/www.humanaitalia.org\/blog\/wp-content\/uploads\/2022\/06\/blog_A-GRIECO-1-840x1024.jpg 840w, https:\/\/www.humanaitalia.org\/blog\/wp-content\/uploads\/2022\/06\/blog_A-GRIECO-1-768x936.jpg 768w, https:\/\/www.humanaitalia.org\/blog\/wp-content\/uploads\/2022\/06\/blog_A-GRIECO-1-1260x1536.jpg 1260w, https:\/\/www.humanaitalia.org\/blog\/wp-content\/uploads\/2022\/06\/blog_A-GRIECO-1-1681x2048.jpg 1681w, https:\/\/www.humanaitalia.org\/blog\/wp-content\/uploads\/2022\/06\/blog_A-GRIECO-1.jpg 1807w\" sizes=\"auto, (max-width: 246px) 100vw, 246px\" \/><\/figure>\n<\/div>\n\n\n<p>Anche l\u2019Italia, infatti, risentir\u00e0 in misura sempre maggiore dei danni provocati dai cambiamenti climatici, e potremmo diventare noi stessi dei migranti climatici. Concretamente si dovranno creare strutture di partenariato e fondi per aiutare i migranti climatici oltre ad una informazione costante. Ad oggi, una persona che scappa per motivi climatici non ha alcuna protezione e accoglienza in altri Paesi. Deve essere prioritario affrontare questo tema, ampliare la conoscenza di tale fenomeno, che ci riguarda molto pi\u00f9 da vicino di quanto pensiamo. Anche l\u2019Italia, infatti, risentir\u00e0 in misura sempre maggiore dei danni provocati dai cambiamenti climatici, e potremmo diventare noi stessi dei migranti climatici. Concretamente si dovranno creare strutture di partenariato e fondi per aiutare i migranti climatici oltre ad una informazione costante.<\/p>\n\n\n\n<p><strong>Quali saranno secondo te i messaggi principali che rimarranno in questo mare magnum che \u00e8 la sostenibilit\u00e0, a livello di comunicazione nei confronti del grande pubblico e da parte delle aziende e delle istituzioni? Gli SDGs, ad esempio, rimarranno un argomento ricorrente come lo sono ora? Pensi che con il tempo ci saranno sempre pi\u00f9 attivisti o divulgatori, o le figure si polarizzeranno sempre pi\u00f9?<br><\/strong>&#8220;Credo che con il tempo cresceranno gli attivisti e attiviste il che da una parte \u00e8 un bene, dall\u2019altra no, come si diceva prima la bulimia di informazioni e contenuti rischierebbe si svuotare il significato vero della sostenibilit\u00e0 e dell\u2019attivismo. L\u2019obiettivo sar\u00e0 rendere la sostenibilit\u00e0 sempre di pi\u00f9 uno stile di vita reale e realizzabile, in ogni azione, giorno dopo giorno.&#8221;<br><br>Sar\u00e0 proprio questo il tema dell\u2019evento <em><strong>Rivedi<\/strong><\/em>, che si terr\u00e0 il <strong>14 giugno presso il nostro negozio Humana Vintage di via Vigevano a Milano<\/strong> (<strong><a href=\"https:\/\/www.humanaitalia.org\/humana-presenta-rivedi\/\">qui<\/a><\/strong> trovi tutti i dettagli). Oltre ad Andrea, che interverr\u00e0 portando AWorld come esempio di cambiamento verso un mondo pi\u00f9 rispettoso dell\u2019ambiente e delle persone, la serata sar\u00e0 dedicata al racconto e al dialogo con numerose realt\u00e0 che stanno lavorando con impegno in questa direzione. Ti aspettiamo!<\/p>\n","protected":false},"excerpt":{"rendered":"<p>Quella della sostenibilit\u00e0 sembra essere una sfida su tutti i livelli, anche quello comunicativo. Ne abbiamo discusso con Andrea Grieco, Head of Impact di AWorld ed esperto di Sviluppo Sostenibile. di Redazione La sostenibilit\u00e0 \u00e8 un tema ormai sulla bocca di tutti e di cui&#8230;<\/p>\n","protected":false},"author":2,"featured_media":696,"comment_status":"closed","ping_status":"closed","sticky":true,"template":"","format":"standard","meta":{"footnotes":""},"categories":[119,290],"tags":[],"class_list":["post-691","post","type-post","status-publish","format-standard","has-post-thumbnail","hentry","category-cambiamento-climatico","category-intervista"],"_links":{"self":[{"href":"https:\/\/www.humanaitalia.org\/blog\/wp-json\/wp\/v2\/posts\/691","targetHints":{"allow":["GET"]}}],"collection":[{"href":"https:\/\/www.humanaitalia.org\/blog\/wp-json\/wp\/v2\/posts"}],"about":[{"href":"https:\/\/www.humanaitalia.org\/blog\/wp-json\/wp\/v2\/types\/post"}],"author":[{"embeddable":true,"href":"https:\/\/www.humanaitalia.org\/blog\/wp-json\/wp\/v2\/users\/2"}],"replies":[{"embeddable":true,"href":"https:\/\/www.humanaitalia.org\/blog\/wp-json\/wp\/v2\/comments?post=691"}],"version-history":[{"count":11,"href":"https:\/\/www.humanaitalia.org\/blog\/wp-json\/wp\/v2\/posts\/691\/revisions"}],"predecessor-version":[{"id":996,"href":"https:\/\/www.humanaitalia.org\/blog\/wp-json\/wp\/v2\/posts\/691\/revisions\/996"}],"wp:featuredmedia":[{"embeddable":true,"href":"https:\/\/www.humanaitalia.org\/blog\/wp-json\/wp\/v2\/media\/696"}],"wp:attachment":[{"href":"https:\/\/www.humanaitalia.org\/blog\/wp-json\/wp\/v2\/media?parent=691"}],"wp:term":[{"taxonomy":"category","embeddable":true,"href":"https:\/\/www.humanaitalia.org\/blog\/wp-json\/wp\/v2\/categories?post=691"},{"taxonomy":"post_tag","embeddable":true,"href":"https:\/\/www.humanaitalia.org\/blog\/wp-json\/wp\/v2\/tags?post=691"}],"curies":[{"name":"wp","href":"https:\/\/api.w.org\/{rel}","templated":true}]}}