{"id":1081,"date":"2026-01-29T10:16:46","date_gmt":"2026-01-29T10:16:46","guid":{"rendered":"https:\/\/www.humanaitalia.org\/blog\/?p=1081"},"modified":"2026-02-04T13:51:21","modified_gmt":"2026-02-04T13:51:21","slug":"tiziano-guardini-la-moda-come-atto-spirituale-e-rivoluzionario","status":"publish","type":"post","link":"https:\/\/www.humanaitalia.org\/blog\/tiziano-guardini-la-moda-come-atto-spirituale-e-rivoluzionario\/","title":{"rendered":"Tiziano Guardini: la moda come atto spirituale e rivoluzionario"},"content":{"rendered":"\n<h3 class=\"wp-block-heading\"><em>Intervista a Tiziano Guardini, stilista visionario che ha trasformato la sostenibilit\u00e0 in un linguaggio creativo e spirituale.<\/em><\/h3>\n\n\n\n<p>di Redazione<\/p>\n\n\n\n<p>In un\u2019epoca in cui la moda \u00e8 chiamata a ripensarsi radicalmente, Tiziano Guardini rappresenta una delle voci pi\u00f9 autentiche e visionarie del cambiamento. Stilista romano, premiato con riconoscimenti internazionali come il Franca Sozzani Green Carpet Fashion Award e il PETA Couture Award, Guardini ha costruito un <strong>percorso unico che fonde sartorialit\u00e0, spiritualit\u00e0 e sostenibilit\u00e0<\/strong>. La sua filosofia <strong>\u2018ECOuture\u2019 \u00e8 un invito a riconnettersi con la natura attraverso l\u2019arte del vestire<\/strong>, trasformando ogni capo in un atto di consapevolezza.<br><br>Dalla collaborazione con Milena Canonero, premio Oscar per i costumi, alla partecipazione a progetti con le Nazioni Unite e Michelangelo Pistoletto, Guardini ha saputo tessere relazioni che vanno oltre la moda, abbracciando cultura, spiritualit\u00e0 e impegno sociale. In questa intervista, <strong>Tiziano Guardini<\/strong> ci racconta la sua visione evolutiva della moda, il ruolo dei giovani designer e le sfide poste dalle nuove normative europee sulla Responsabilit\u00e0 Estesa del Produttore e sull\u2019Ecodesign.<\/p>\n\n\n\n<p><strong>Il tuo approccio \u2018ECOuture\u2019 fonde sartorialit\u00e0, innovazione e rispetto per la natura. Come si traduce questa filosofia nel processo creativo quotidiano e nella scelta dei materiali?<\/strong><\/p>\n\n\n\n<p>&#8220;ECOuture nasce in modo spontaneo durante una chiacchierata con un mio amico nel corso di un\u2019intervista. Gli stavo raccontando il mio modo di intendere il termine \u201ceco\u201d non semplicemente come sostenibilit\u00e0, ma come creazione che si riallinea all\u2019ecosistema, e \u201ccouture\u201d come tempo lento, cura del dettaglio e ascolto profondo del processo creativo. Un approccio in cui l\u2019estetica del messaggio filosofico deve avere un\u2019onesta coerenza anche con la materia. Da questa unione \u00e8 nato il termine ECOuture, e ho sentito subito che rappresentava in modo molto preciso ci\u00f2 che avevo iniziato a creare. Il processo creativo, concettualmente, \u00e8 semplice: si fonda sul rispetto della vita sotto molteplici aspetti, dove la moda diventa parte dei processi della natura stessa. Nella pratica, per\u00f2, \u00e8 spesso un lavoro molto intenso, frutto di ricerca e studio costanti. Quando ho iniziato, e in parte \u00e8 ancora cos\u00ec, la sostenibilit\u00e0 veniva intesa in senso \u201cprivativo\u201d, come qualcosa che toglieva creativit\u00e0. Data la mia sensibilit\u00e0 verso entrambi gli aspetti, etico ed estetico, ho scelto di fare della spinta creativa il motore della ricerca e dell\u2019innovazione. Un esempio concreto \u00e8 il lavoro durato cinque anni sulla seta Ahimsa, che in sanscrito significa \u201csenza violenza\u201d. A differenza della seta convenzionale, in cui il bozzolo viene bollito con il baco all\u2019interno, in questo caso si attende che il baco completi il suo ciclo vitale, diventi farfalla e abbandoni il bozzolo, che viene poi, semplicemente raccolto. Da un gesto apparentemente piccolo nasce un significato profondo: il rispetto della vita, anche quella di un insetto, anche se dura solo pochi giorni. Ma si pu\u00f2 davvero attribuire valore alla vita in base al tempo? La vita \u00e8 tale in ogni istante. Inoltre, in questo modo si crea un dialogo tra specie: utilizziamo qualcosa che non serve pi\u00f9 e, soprattutto, non interrompiamo un processo evolutivo, ma ne diventiamo sostenitori. E questo \u00e8 solo un esempio.&#8221;<\/p>\n\n\n\n<p><strong>In un settore spesso dominato da logiche produttive aggressive, come riesci a mantenere fede alla tua missione etica?<\/strong><\/p>\n\n\n\n<p>&#8220;Creare una nuova strada ha inevitabilmente un costo in termini di energia e visione. Quando ho iniziato, sentivo il bisogno di ricreare un legame ancestrale con la natura, un legame che credo in parte abbiamo perso. Per costruire questo \u201ccoming back home\u201d \u00e8 stato necessario lavorare prima di tutto su me stesso: avere forza, lucidit\u00e0, coraggio e coerenza. E, se devo essere totalmente sincero, non potrei fare diversamente. All\u2019inizio il mio desiderio era dare a chiunque la possibilit\u00e0 di vestirsi in modo sostenibile. Oggi credo che stiamo vivendo un cambiamento di paradigma: il modello produttivo aggressivo resiste ancora, ma allo stesso tempo stanno emergendo realt\u00e0 virtuose ed economicamente stabili, come il second hand, le realt\u00e0 artigianali locali e la creazione di progetti speciali, che dimostrano come la sostenibilit\u00e0 possa funzionare anche dal punto di vista economico. Ho una formazione anche in economia, e questo mi ha aiutato a cercare una sostenibilit\u00e0 che non fosse solo etica, ma anche finanziaria. Studiando il settore ho capito che i progetti speciali e le capsule collection hanno spesso un alto sell-out in negozio. \u00c8 un approccio che mi interessa perch\u00e9 crea valore lungo tutta la filiera: ci si prende cura anche dell\u2019economia di chi viene dopo, come i retailer, e allo stesso tempo si evita di creare magazzino. Per questo ho costruito il mio progetto attraverso collaborazioni e progetti speciali, in cui riesco a massimizzare il processo creativo e il messaggio etico e culturale, creando allo stesso tempo un modello in cui tutti possano vincere. Un vero\u00a0<em>win-win<\/em>, umano, creativo ed economico.&#8221;<\/p>\n\n\n\n<p><strong>Quali sono, secondo te, le sfide pi\u00f9 urgenti che i giovani designer devono affrontare per costruire un futuro realmente sostenibile nella moda? E che ruolo ha la formazione in questo percorso?<\/strong><\/p>\n\n\n\n<p>&#8220;La sfida pi\u00f9 urgente per i giovani designer \u00e8 imparare a gestire la complessit\u00e0. Oggi non basta pi\u00f9 saper disegnare un capo o creare un mondo egoriferito: \u00e8 necessario comprendere i materiali, le filiere produttive, l\u2019impatto ambientale e sociale, ma anche i modelli economici che rendono un progetto sostenibile nel tempo. Questo richiede un cambio di mentalit\u00e0 profondo. Un\u2019altra grande sfida \u00e8 liberarsi dall\u2019idea che la sostenibilit\u00e0 limiti la creativit\u00e0. Al contrario, parla proprio di futuro e pu\u00f2 diventare uno straordinario spazio di sperimentazione, se affrontata con onest\u00e0, curiosit\u00e0 e rigore. Significa avere il coraggio di mettere in discussione i modelli tradizionali, accettare tempi pi\u00f9 lunghi, processi pi\u00f9 articolati e instaurare una relazione consapevole con la materia; ma il consumatore del presente e del futuro ne vorr\u00e0 sempre di pi\u00f9 ed \u00e8 chi crea e creer\u00e0 la domanda del mercato. In questo percorso, la formazione gioca un ruolo fondamentale. Deve evolvere da un insegnamento principalmente tecnico, protetto dalle dinamiche scolastiche, a un approccio trasversale che includa il contesto sociale in cui opera la moda: dallo studio dei materiali al pensiero sistemico, fino a una visione di business consapevole. Solo cos\u00ec si possono formare designer capaci non solo di creare abiti, ma di progettare visioni, sistemi e futuri possibili per la loro creativit\u00e0.&#8221;<\/p>\n\n\n\n<figure class=\"wp-block-gallery has-nested-images columns-default is-cropped wp-block-gallery-1 is-layout-flex wp-block-gallery-is-layout-flex\">\n<figure class=\"wp-block-image size-large\"><img loading=\"lazy\" decoding=\"async\" width=\"753\" height=\"1024\" data-id=\"1084\" src=\"https:\/\/www.humanaitalia.org\/blog\/wp-content\/uploads\/2026\/01\/ph-Davide-Gallizio-753x1024.jpg\" alt=\"\" class=\"wp-image-1084\" srcset=\"https:\/\/www.humanaitalia.org\/blog\/wp-content\/uploads\/2026\/01\/ph-Davide-Gallizio-753x1024.jpg 753w, https:\/\/www.humanaitalia.org\/blog\/wp-content\/uploads\/2026\/01\/ph-Davide-Gallizio-221x300.jpg 221w, https:\/\/www.humanaitalia.org\/blog\/wp-content\/uploads\/2026\/01\/ph-Davide-Gallizio-768x1044.jpg 768w, https:\/\/www.humanaitalia.org\/blog\/wp-content\/uploads\/2026\/01\/ph-Davide-Gallizio-1130x1536.jpg 1130w, https:\/\/www.humanaitalia.org\/blog\/wp-content\/uploads\/2026\/01\/ph-Davide-Gallizio-1507x2048.jpg 1507w, https:\/\/www.humanaitalia.org\/blog\/wp-content\/uploads\/2026\/01\/ph-Davide-Gallizio.jpg 1738w\" sizes=\"auto, (max-width: 753px) 100vw, 753px\" \/><\/figure>\n<\/figure>\n\n\n\n<p><strong>Hai collaborato con figure di grande rilievo come Milena Canonero e Michelangelo Pistoletto, e persino con le Nazioni Unite. In che modo queste esperienze hanno influenzato il tuo modo di concepire la moda come strumento di trasformazione culturale e sociale?<\/strong><\/p>\n\n\n\n<p>&#8220;Collaborare con loro \u00e8 stato un meraviglioso regalo della vita che ha ampliato la mia visione su quanto la creativit\u00e0 nella moda racchiuda molto pi\u00f9 di un esercizio estetico: pu\u00f2 diventare un linguaggio culturale e un catalizzatore di cambiamento sociale. Con Pistoletto, ad esempio, ho sperimentato il concetto di arte come processo partecipativo e trasformativo, dove il fruitore non \u00e8 solo spettatore ma diventa parte integrante dell\u2019opera. Questo approccio ha rafforzato il mio modo di progettare i capi, che non sono solo oggetti da indossare, ma strumenti per raccontare storie, stimolare riflessioni e creare connessioni. Allo stesso modo, collaborare con le Nazioni Unite mi ha fatto comprendere l\u2019importanza di pensare in scala globale, integrando etica e sostenibilit\u00e0 in un contesto sociale pi\u00f9 ampio, e mi ha dato coraggio per proseguire la strada che stavo tracciando. Il lavoro creativo con Milena Canonero, invece, \u00e8 stato un vero sogno: un\u2019esplosione di creativit\u00e0 in cui la cura del dettaglio diventa essenziale, un principio a cui non puoi rinunciare quando ti metti a nudo nella creativit\u00e0.&#8221;<\/p>\n\n\n\n<p><strong>Con l\u2019introduzione della Responsabilit\u00e0 Estesa del Produttore per il settore tessile e la direttiva sull\u2019Ecodesign, come pensi che cambier\u00e0 il lavoro dei designer e delle aziende? Quali opportunit\u00e0 e rischi vedi in questa transizione?<\/strong><\/p>\n\n\n\n<p>&#8220;Credo che stiamo entrando in un momento cruciale per il settore: le nuove normative spingono designer e aziende a ripensare il loro ruolo all\u2019interno di un sistema pi\u00f9 ampio, dove ogni scelta conta non solo per il singolo capo, ma per l\u2019intero ciclo di vita del prodotto. L\u2019Ecodesign e la Responsabilit\u00e0 Estesa del Produttore non sono limiti, ma strumenti che ci obbligano a guardare oltre la moda come oggetto effimero, aprendoci a un approccio circolare, etico e trasparente\u2026 e spero come parte della nostra espressione di esseri viventi e quindi a qualcosa che celebra la Vita (con la lettera maiuscola). Le opportunit\u00e0 sono enormi: possiamo progettare abiti pi\u00f9 duraturi, materiali pi\u00f9 responsabili, filiere pi\u00f9 consapevoli e creare valore per tutta la catena, dal produttore al consumatore. Questo tipo di approccio aumenta la fiducia, stimola innovazione e rende la moda un esempio concreto di economia sostenibile. I rischi, naturalmente, ci sono: chi non \u00e8 pronto a cambiare mentalit\u00e0 potrebbe sentirsi limitato dalle regole o reagire in maniera superficiale, producendo solo compliance formale senza una vera trasformazione. Per i designer, la sfida sar\u00e0 integrare queste nuove responsabilit\u00e0 con la creativit\u00e0, trasformando vincoli in opportunit\u00e0 di innovazione. Per me, tutto questo conferma che la moda pu\u00f2 essere non solo bellezza, ma anche un atto di responsabilit\u00e0 e consapevolezza: un modo concreto di coniugare estetica, etica e futuro.&#8221;<\/p>\n","protected":false},"excerpt":{"rendered":"<p>Intervista a Tiziano Guardini, stilista visionario che ha trasformato la sostenibilit\u00e0 in un linguaggio creativo e spirituale. di Redazione In un\u2019epoca in cui la moda \u00e8 chiamata a ripensarsi radicalmente, Tiziano Guardini rappresenta una delle voci pi\u00f9 autentiche e visionarie del cambiamento. Stilista romano, premiato&#8230;<\/p>\n","protected":false},"author":2,"featured_media":1086,"comment_status":"closed","ping_status":"closed","sticky":true,"template":"","format":"standard","meta":{"footnotes":""},"categories":[290,123],"tags":[],"class_list":["post-1081","post","type-post","status-publish","format-standard","has-post-thumbnail","hentry","category-intervista","category-moda-sostenibile"],"_links":{"self":[{"href":"https:\/\/www.humanaitalia.org\/blog\/wp-json\/wp\/v2\/posts\/1081","targetHints":{"allow":["GET"]}}],"collection":[{"href":"https:\/\/www.humanaitalia.org\/blog\/wp-json\/wp\/v2\/posts"}],"about":[{"href":"https:\/\/www.humanaitalia.org\/blog\/wp-json\/wp\/v2\/types\/post"}],"author":[{"embeddable":true,"href":"https:\/\/www.humanaitalia.org\/blog\/wp-json\/wp\/v2\/users\/2"}],"replies":[{"embeddable":true,"href":"https:\/\/www.humanaitalia.org\/blog\/wp-json\/wp\/v2\/comments?post=1081"}],"version-history":[{"count":6,"href":"https:\/\/www.humanaitalia.org\/blog\/wp-json\/wp\/v2\/posts\/1081\/revisions"}],"predecessor-version":[{"id":1090,"href":"https:\/\/www.humanaitalia.org\/blog\/wp-json\/wp\/v2\/posts\/1081\/revisions\/1090"}],"wp:featuredmedia":[{"embeddable":true,"href":"https:\/\/www.humanaitalia.org\/blog\/wp-json\/wp\/v2\/media\/1086"}],"wp:attachment":[{"href":"https:\/\/www.humanaitalia.org\/blog\/wp-json\/wp\/v2\/media?parent=1081"}],"wp:term":[{"taxonomy":"category","embeddable":true,"href":"https:\/\/www.humanaitalia.org\/blog\/wp-json\/wp\/v2\/categories?post=1081"},{"taxonomy":"post_tag","embeddable":true,"href":"https:\/\/www.humanaitalia.org\/blog\/wp-json\/wp\/v2\/tags?post=1081"}],"curies":[{"name":"wp","href":"https:\/\/api.w.org\/{rel}","templated":true}]}}